{"id":2412,"date":"2023-10-30T10:33:36","date_gmt":"2023-10-30T09:33:36","guid":{"rendered":"https:\/\/central-malley.ch\/?p=2412"},"modified":"2023-10-30T12:35:10","modified_gmt":"2023-10-30T11:35:10","slug":"air-du-temps","status":"publish","type":"post","link":"https:\/\/central-malley.ch\/de\/air-du-temps\/","title":{"rendered":"Wieso Central Malley den Zeitgeist trifft.\u00a0"},"content":{"rendered":"","protected":false},"excerpt":{"rendered":"<p>Sowohl Unternehmen als auch Mitarbeitende m\u00fcssen B\u00fcror\u00e4umlichkeiten und deren Funktion neu definieren. Central Malley k\u00f6nnte eine Antwort sein.\u00a0\u00a0<\/p>\n","protected":false},"author":4,"featured_media":2408,"comment_status":"closed","ping_status":"closed","sticky":false,"template":"","format":"standard","meta":{"_acf_changed":false,"inline_featured_image":false,"footnotes":""},"categories":[37],"tags":[],"class_list":["post-2412","post","type-post","status-publish","format-standard","has-post-thumbnail","hentry","category-news-de"],"acf":[],"yoast_head":"<!-- This site is optimized with the Yoast SEO plugin v27.5 - https:\/\/yoast.com\/product\/yoast-seo-wordpress\/ -->\n<title>Wieso Central Malley den Zeitgeist trifft.\u00a0 - Central Malley<\/title>\n<meta name=\"robots\" content=\"index, follow, max-snippet:-1, max-image-preview:large, max-video-preview:-1\" \/>\n<link rel=\"canonical\" href=\"https:\/\/central-malley.ch\/de\/air-du-temps\/\" \/>\n<meta property=\"og:locale\" content=\"de_DE\" \/>\n<meta property=\"og:type\" content=\"article\" \/>\n<meta property=\"og:title\" content=\"Wieso Central Malley den Zeitgeist trifft.\u00a0 - Central Malley\" \/>\n<meta property=\"og:description\" content=\"Sowohl Unternehmen als auch Mitarbeitende m\u00fcssen B\u00fcror\u00e4umlichkeiten und deren Funktion neu definieren. Central Malley k\u00f6nnte eine Antwort sein.\u00a0\u00a0\" \/>\n<meta property=\"og:url\" content=\"https:\/\/central-malley.ch\/de\/air-du-temps\/\" \/>\n<meta property=\"og:site_name\" content=\"Central Malley\" \/>\n<meta property=\"article:published_time\" content=\"2023-10-30T09:33:36+00:00\" \/>\n<meta property=\"article:modified_time\" content=\"2023-10-30T11:35:10+00:00\" \/>\n<meta property=\"og:image\" content=\"https:\/\/cdn.freebrand.ch\/w:auto\/h:auto\/q:mauto\/f:best\/https:\/\/central-malley.ch\/wp-content\/uploads\/sites\/28\/2023\/10\/CentralMalley_event-1.jpg\" \/>\n\t<meta property=\"og:image:width\" content=\"1200\" \/>\n\t<meta property=\"og:image:height\" content=\"675\" \/>\n\t<meta property=\"og:image:type\" content=\"image\/jpeg\" \/>\n<meta name=\"author\" content=\"dominikmosimann\" \/>\n<meta name=\"twitter:card\" content=\"summary_large_image\" \/>\n<meta name=\"twitter:label1\" content=\"Verfasst von\" \/>\n\t<meta name=\"twitter:data1\" content=\"dominikmosimann\" \/>\n<script type=\"application\/ld+json\" class=\"yoast-schema-graph\">{\"@context\":\"https:\\\/\\\/schema.org\",\"@graph\":[{\"@type\":\"Article\",\"@id\":\"https:\\\/\\\/central-malley.ch\\\/de\\\/air-du-temps\\\/#article\",\"isPartOf\":{\"@id\":\"https:\\\/\\\/central-malley.ch\\\/de\\\/air-du-temps\\\/\"},\"author\":{\"name\":\"dominikmosimann\",\"@id\":\"https:\\\/\\\/central-malley.ch\\\/de\\\/#\\\/schema\\\/person\\\/b30541bdb0f0ce2d6730a596ede36863\"},\"headline\":\"Wieso Central Malley den Zeitgeist trifft.\u00a0\",\"datePublished\":\"2023-10-30T09:33:36+00:00\",\"dateModified\":\"2023-10-30T11:35:10+00:00\",\"mainEntityOfPage\":{\"@id\":\"https:\\\/\\\/central-malley.ch\\\/de\\\/air-du-temps\\\/\"},\"wordCount\":6,\"publisher\":{\"@id\":\"https:\\\/\\\/central-malley.ch\\\/de\\\/#organization\"},\"image\":{\"@id\":\"https:\\\/\\\/central-malley.ch\\\/de\\\/air-du-temps\\\/#primaryimage\"},\"thumbnailUrl\":\"https:\\/\\/central-malley.ch\\/wp-content\\/uploads\\/sites\\/28\\/2023\\/10\\/CentralMalley_event-1.jpg\",\"articleSection\":[\"News\"],\"inLanguage\":\"de\"},{\"@type\":\"WebPage\",\"@id\":\"https:\\\/\\\/central-malley.ch\\\/de\\\/air-du-temps\\\/\",\"url\":\"https:\\\/\\\/central-malley.ch\\\/de\\\/air-du-temps\\\/\",\"name\":\"Wieso Central Malley den Zeitgeist trifft.\u00a0 - Central Malley\",\"isPartOf\":{\"@id\":\"https:\\\/\\\/central-malley.ch\\\/de\\\/#website\"},\"primaryImageOfPage\":{\"@id\":\"https:\\\/\\\/central-malley.ch\\\/de\\\/air-du-temps\\\/#primaryimage\"},\"image\":{\"@id\":\"https:\\\/\\\/central-malley.ch\\\/de\\\/air-du-temps\\\/#primaryimage\"},\"thumbnailUrl\":\"https:\\/\\/central-malley.ch\\/wp-content\\/uploads\\/sites\\/28\\/2023\\/10\\/CentralMalley_event-1.jpg\",\"datePublished\":\"2023-10-30T09:33:36+00:00\",\"dateModified\":\"2023-10-30T11:35:10+00:00\",\"breadcrumb\":{\"@id\":\"https:\\\/\\\/central-malley.ch\\\/de\\\/air-du-temps\\\/#breadcrumb\"},\"inLanguage\":\"de\",\"potentialAction\":[{\"@type\":\"ReadAction\",\"target\":[\"https:\\\/\\\/central-malley.ch\\\/de\\\/air-du-temps\\\/\"]}]},{\"@type\":\"ImageObject\",\"inLanguage\":\"de\",\"@id\":\"https:\\\/\\\/central-malley.ch\\\/de\\\/air-du-temps\\\/#primaryimage\",\"url\":\"https:\\/\\/central-malley.ch\\/wp-content\\/uploads\\/sites\\/28\\/2023\\/10\\/CentralMalley_event-1.jpg\",\"contentUrl\":\"https:\\/\\/central-malley.ch\\/wp-content\\/uploads\\/sites\\/28\\/2023\\/10\\/CentralMalley_event-1.jpg\",\"width\":1200,\"height\":675},{\"@type\":\"BreadcrumbList\",\"@id\":\"https:\\\/\\\/central-malley.ch\\\/de\\\/air-du-temps\\\/#breadcrumb\",\"itemListElement\":[{\"@type\":\"ListItem\",\"position\":1,\"name\":\"Startseite\",\"item\":\"https:\\\/\\\/central-malley.ch\\\/de\\\/\"},{\"@type\":\"ListItem\",\"position\":2,\"name\":\"Wieso Central Malley den Zeitgeist trifft.\u00a0\"}]},{\"@type\":\"WebSite\",\"@id\":\"https:\\\/\\\/central-malley.ch\\\/de\\\/#website\",\"url\":\"https:\\\/\\\/central-malley.ch\\\/de\\\/\",\"name\":\"Central Malley\",\"description\":\"\",\"publisher\":{\"@id\":\"https:\\\/\\\/central-malley.ch\\\/de\\\/#organization\"},\"potentialAction\":[{\"@type\":\"SearchAction\",\"target\":{\"@type\":\"EntryPoint\",\"urlTemplate\":\"https:\\\/\\\/central-malley.ch\\\/de\\\/?s={search_term_string}\"},\"query-input\":{\"@type\":\"PropertyValueSpecification\",\"valueRequired\":true,\"valueName\":\"search_term_string\"}}],\"inLanguage\":\"de\"},{\"@type\":\"Organization\",\"@id\":\"https:\\\/\\\/central-malley.ch\\\/de\\\/#organization\",\"name\":\"Central Malley\",\"url\":\"https:\\\/\\\/central-malley.ch\\\/de\\\/\",\"logo\":{\"@type\":\"ImageObject\",\"inLanguage\":\"de\",\"@id\":\"https:\\\/\\\/central-malley.ch\\\/de\\\/#\\\/schema\\\/logo\\\/image\\\/\",\"url\":\"https:\\/\\/central-malley.ch\\/wp-content\\/uploads\\/sites\\/28\\/2021\\/09\\/logo-central.svg\",\"contentUrl\":\"https:\\/\\/central-malley.ch\\/wp-content\\/uploads\\/sites\\/28\\/2021\\/09\\/logo-central.svg\",\"width\":229,\"height\":68,\"caption\":\"Central Malley\"},\"image\":{\"@id\":\"https:\\\/\\\/central-malley.ch\\\/de\\\/#\\\/schema\\\/logo\\\/image\\\/\"}},{\"@type\":\"Person\",\"@id\":\"https:\\\/\\\/central-malley.ch\\\/de\\\/#\\\/schema\\\/person\\\/b30541bdb0f0ce2d6730a596ede36863\",\"name\":\"dominikmosimann\"}]}<\/script>\n<!-- \/ Yoast SEO plugin. -->","yoast_head_json":{"title":"Wieso Central Malley den Zeitgeist trifft.\u00a0 - Central Malley","robots":{"index":"index","follow":"follow","max-snippet":"max-snippet:-1","max-image-preview":"max-image-preview:large","max-video-preview":"max-video-preview:-1"},"canonical":"https:\/\/central-malley.ch\/de\/air-du-temps\/","og_locale":"de_DE","og_type":"article","og_title":"Wieso Central Malley den Zeitgeist trifft.\u00a0 - Central Malley","og_description":"Sowohl Unternehmen als auch Mitarbeitende m\u00fcssen B\u00fcror\u00e4umlichkeiten und deren Funktion neu definieren. Central Malley k\u00f6nnte eine Antwort sein.\u00a0\u00a0","og_url":"https:\/\/central-malley.ch\/de\/air-du-temps\/","og_site_name":"Central Malley","article_published_time":"2023-10-30T09:33:36+00:00","article_modified_time":"2023-10-30T11:35:10+00:00","og_image":[{"width":1200,"height":675,"url":"https:\/\/cdn.freebrand.ch\/w:auto\/h:auto\/q:mauto\/f:best\/https:\/\/central-malley.ch\/wp-content\/uploads\/sites\/28\/2023\/10\/CentralMalley_event-1.jpg","type":"image\/jpeg"}],"author":"dominikmosimann","twitter_card":"summary_large_image","twitter_misc":{"Verfasst von":"dominikmosimann"},"schema":{"@context":"https:\/\/schema.org","@graph":[{"@type":"Article","@id":"https:\/\/central-malley.ch\/de\/air-du-temps\/#article","isPartOf":{"@id":"https:\/\/central-malley.ch\/de\/air-du-temps\/"},"author":{"name":"dominikmosimann","@id":"https:\/\/central-malley.ch\/de\/#\/schema\/person\/b30541bdb0f0ce2d6730a596ede36863"},"headline":"Wieso Central Malley den Zeitgeist trifft.\u00a0","datePublished":"2023-10-30T09:33:36+00:00","dateModified":"2023-10-30T11:35:10+00:00","mainEntityOfPage":{"@id":"https:\/\/central-malley.ch\/de\/air-du-temps\/"},"wordCount":6,"publisher":{"@id":"https:\/\/central-malley.ch\/de\/#organization"},"image":{"@id":"https:\/\/central-malley.ch\/de\/air-du-temps\/#primaryimage"},"thumbnailUrl":"https:\/\/cdn.freebrand.ch\/w:auto\/h:auto\/q:mauto\/f:best\/https:\/\/central-malley.ch\/wp-content\/uploads\/sites\/28\/2023\/10\/CentralMalley_event-1.jpg","articleSection":["News"],"inLanguage":"de"},{"@type":"WebPage","@id":"https:\/\/central-malley.ch\/de\/air-du-temps\/","url":"https:\/\/central-malley.ch\/de\/air-du-temps\/","name":"Wieso Central Malley den Zeitgeist trifft.\u00a0 - Central Malley","isPartOf":{"@id":"https:\/\/central-malley.ch\/de\/#website"},"primaryImageOfPage":{"@id":"https:\/\/central-malley.ch\/de\/air-du-temps\/#primaryimage"},"image":{"@id":"https:\/\/central-malley.ch\/de\/air-du-temps\/#primaryimage"},"thumbnailUrl":"https:\/\/cdn.freebrand.ch\/w:auto\/h:auto\/q:mauto\/f:best\/https:\/\/central-malley.ch\/wp-content\/uploads\/sites\/28\/2023\/10\/CentralMalley_event-1.jpg","datePublished":"2023-10-30T09:33:36+00:00","dateModified":"2023-10-30T11:35:10+00:00","breadcrumb":{"@id":"https:\/\/central-malley.ch\/de\/air-du-temps\/#breadcrumb"},"inLanguage":"de","potentialAction":[{"@type":"ReadAction","target":["https:\/\/central-malley.ch\/de\/air-du-temps\/"]}]},{"@type":"ImageObject","inLanguage":"de","@id":"https:\/\/central-malley.ch\/de\/air-du-temps\/#primaryimage","url":"https:\/\/cdn.freebrand.ch\/w:auto\/h:auto\/q:mauto\/f:best\/https:\/\/central-malley.ch\/wp-content\/uploads\/sites\/28\/2023\/10\/CentralMalley_event-1.jpg","contentUrl":"https:\/\/cdn.freebrand.ch\/w:auto\/h:auto\/q:mauto\/f:best\/https:\/\/central-malley.ch\/wp-content\/uploads\/sites\/28\/2023\/10\/CentralMalley_event-1.jpg","width":1200,"height":675},{"@type":"BreadcrumbList","@id":"https:\/\/central-malley.ch\/de\/air-du-temps\/#breadcrumb","itemListElement":[{"@type":"ListItem","position":1,"name":"Startseite","item":"https:\/\/central-malley.ch\/de\/"},{"@type":"ListItem","position":2,"name":"Wieso Central Malley den Zeitgeist trifft.\u00a0"}]},{"@type":"WebSite","@id":"https:\/\/central-malley.ch\/de\/#website","url":"https:\/\/central-malley.ch\/de\/","name":"Central Malley","description":"","publisher":{"@id":"https:\/\/central-malley.ch\/de\/#organization"},"potentialAction":[{"@type":"SearchAction","target":{"@type":"EntryPoint","urlTemplate":"https:\/\/central-malley.ch\/de\/?s={search_term_string}"},"query-input":{"@type":"PropertyValueSpecification","valueRequired":true,"valueName":"search_term_string"}}],"inLanguage":"de"},{"@type":"Organization","@id":"https:\/\/central-malley.ch\/de\/#organization","name":"Central Malley","url":"https:\/\/central-malley.ch\/de\/","logo":{"@type":"ImageObject","inLanguage":"de","@id":"https:\/\/central-malley.ch\/de\/#\/schema\/logo\/image\/","url":"https:\/\/central-malley.ch\/wp-content\/uploads\/sites\/28\/2021\/09\/logo-central.svg","contentUrl":"https:\/\/central-malley.ch\/wp-content\/uploads\/sites\/28\/2021\/09\/logo-central.svg","width":229,"height":68,"caption":"Central Malley"},"image":{"@id":"https:\/\/central-malley.ch\/de\/#\/schema\/logo\/image\/"}},{"@type":"Person","@id":"https:\/\/central-malley.ch\/de\/#\/schema\/person\/b30541bdb0f0ce2d6730a596ede36863","name":"dominikmosimann"}]}},"_links":{"self":[{"href":"https:\/\/central-malley.ch\/de\/wp-json\/wp\/v2\/posts\/2412","targetHints":{"allow":["GET"]}}],"collection":[{"href":"https:\/\/central-malley.ch\/de\/wp-json\/wp\/v2\/posts"}],"about":[{"href":"https:\/\/central-malley.ch\/de\/wp-json\/wp\/v2\/types\/post"}],"author":[{"embeddable":true,"href":"https:\/\/central-malley.ch\/de\/wp-json\/wp\/v2\/users\/4"}],"replies":[{"embeddable":true,"href":"https:\/\/central-malley.ch\/de\/wp-json\/wp\/v2\/comments?post=2412"}],"version-history":[{"count":0,"href":"https:\/\/central-malley.ch\/de\/wp-json\/wp\/v2\/posts\/2412\/revisions"}],"wp:featuredmedia":[{"embeddable":true,"href":"https:\/\/central-malley.ch\/de\/wp-json\/wp\/v2\/media\/2408"}],"wp:attachment":[{"href":"https:\/\/central-malley.ch\/de\/wp-json\/wp\/v2\/media?parent=2412"}],"wp:term":[{"taxonomy":"category","embeddable":true,"href":"https:\/\/central-malley.ch\/de\/wp-json\/wp\/v2\/categories?post=2412"},{"taxonomy":"post_tag","embeddable":true,"href":"https:\/\/central-malley.ch\/de\/wp-json\/wp\/v2\/tags?post=2412"}],"curies":[{"name":"wp","href":"https:\/\/api.w.org\/{rel}","templated":true}]}}