{"id":3260,"date":"2025-05-28T08:50:53","date_gmt":"2025-05-28T06:50:53","guid":{"rendered":"https:\/\/central-malley.ch\/central-malley-un-quartier-modele-en-matiere-denergie-durable\/"},"modified":"2025-05-28T10:36:33","modified_gmt":"2025-05-28T08:36:33","slug":"central-malley-un-quartier-modele-en-matiere-denergie-durable","status":"publish","type":"post","link":"https:\/\/central-malley.ch\/de\/central-malley-un-quartier-modele-en-matiere-denergie-durable\/","title":{"rendered":"Central Malley: Ein Vorbildviertel in Sachen nachhaltige Energie"},"content":{"rendered":"","protected":false},"excerpt":{"rendered":"<p>Central Malley, entworfen, um den aktuellen energetischen Herausforderungen zu begegnen, verk\u00f6rpert eine neue Generation nachhaltiger Stadtviertel. Dieses von SBB Immobilien entwickelte Grossprojekt, vereint energieeffizient Wohnungen, B\u00fcros, Gesch\u00e4fte und \u00f6ffentliche R\u00e4umlichkeiten.<\/p>\n","protected":false},"author":13,"featured_media":3265,"comment_status":"closed","ping_status":"closed","sticky":false,"template":"","format":"standard","meta":{"_acf_changed":false,"inline_featured_image":false,"footnotes":""},"categories":[37],"tags":[],"class_list":["post-3260","post","type-post","status-publish","format-standard","has-post-thumbnail","hentry","category-news-de"],"acf":[],"yoast_head":"<!-- This site is optimized with the Yoast SEO plugin v27.5 - https:\/\/yoast.com\/product\/yoast-seo-wordpress\/ -->\n<title>Central Malley: Ein Vorbildviertel in Sachen nachhaltige Energie - Central Malley<\/title>\n<meta name=\"robots\" content=\"index, follow, max-snippet:-1, max-image-preview:large, max-video-preview:-1\" \/>\n<link rel=\"canonical\" href=\"https:\/\/central-malley.ch\/de\/central-malley-un-quartier-modele-en-matiere-denergie-durable\/\" \/>\n<meta property=\"og:locale\" content=\"de_DE\" \/>\n<meta property=\"og:type\" content=\"article\" \/>\n<meta property=\"og:title\" content=\"Central Malley: Ein Vorbildviertel in Sachen nachhaltige Energie - Central Malley\" \/>\n<meta property=\"og:description\" content=\"Central Malley, entworfen, um den aktuellen energetischen Herausforderungen zu begegnen, verk\u00f6rpert eine neue Generation nachhaltiger Stadtviertel. Dieses von SBB Immobilien entwickelte Grossprojekt, vereint energieeffizient Wohnungen, B\u00fcros, Gesch\u00e4fte und \u00f6ffentliche R\u00e4umlichkeiten.\" \/>\n<meta property=\"og:url\" content=\"https:\/\/central-malley.ch\/de\/central-malley-un-quartier-modele-en-matiere-denergie-durable\/\" \/>\n<meta property=\"og:site_name\" content=\"Central Malley\" \/>\n<meta property=\"article:published_time\" content=\"2025-05-28T06:50:53+00:00\" \/>\n<meta property=\"article:modified_time\" content=\"2025-05-28T08:36:33+00:00\" \/>\n<meta property=\"og:image\" content=\"https:\/\/cdn.freebrand.ch\/w:auto\/h:auto\/q:mauto\/f:best\/https:\/\/central-malley.ch\/wp-content\/uploads\/sites\/28\/2025\/05\/Bild-Central-Malley-Video-Energie_komp_v3-scaled.jpg\" \/>\n\t<meta property=\"og:image:width\" content=\"2560\" \/>\n\t<meta property=\"og:image:height\" content=\"1443\" \/>\n\t<meta property=\"og:image:type\" content=\"image\/jpeg\" \/>\n<meta name=\"author\" content=\"andreahuskic\" \/>\n<meta name=\"twitter:card\" content=\"summary_large_image\" \/>\n<meta name=\"twitter:label1\" content=\"Verfasst von\" \/>\n\t<meta name=\"twitter:data1\" content=\"andreahuskic\" \/>\n<script type=\"application\/ld+json\" class=\"yoast-schema-graph\">{\"@context\":\"https:\\\/\\\/schema.org\",\"@graph\":[{\"@type\":\"Article\",\"@id\":\"https:\\\/\\\/central-malley.ch\\\/de\\\/central-malley-un-quartier-modele-en-matiere-denergie-durable\\\/#article\",\"isPartOf\":{\"@id\":\"https:\\\/\\\/central-malley.ch\\\/de\\\/central-malley-un-quartier-modele-en-matiere-denergie-durable\\\/\"},\"author\":{\"name\":\"andreahuskic\",\"@id\":\"https:\\\/\\\/central-malley.ch\\\/de\\\/#\\\/schema\\\/person\\\/baf73f65ab99befefae6061650dc272e\"},\"headline\":\"Central Malley: Ein Vorbildviertel in Sachen nachhaltige Energie\",\"datePublished\":\"2025-05-28T06:50:53+00:00\",\"dateModified\":\"2025-05-28T08:36:33+00:00\",\"mainEntityOfPage\":{\"@id\":\"https:\\\/\\\/central-malley.ch\\\/de\\\/central-malley-un-quartier-modele-en-matiere-denergie-durable\\\/\"},\"wordCount\":8,\"publisher\":{\"@id\":\"https:\\\/\\\/central-malley.ch\\\/de\\\/#organization\"},\"image\":{\"@id\":\"https:\\\/\\\/central-malley.ch\\\/de\\\/central-malley-un-quartier-modele-en-matiere-denergie-durable\\\/#primaryimage\"},\"thumbnailUrl\":\"https:\\/\\/central-malley.ch\\/wp-content\\/uploads\\/sites\\/28\\/2025\\/05\\/Bild-Central-Malley-Video-Energie_komp_v3-scaled.jpg\",\"articleSection\":[\"News\"],\"inLanguage\":\"de\"},{\"@type\":\"WebPage\",\"@id\":\"https:\\\/\\\/central-malley.ch\\\/de\\\/central-malley-un-quartier-modele-en-matiere-denergie-durable\\\/\",\"url\":\"https:\\\/\\\/central-malley.ch\\\/de\\\/central-malley-un-quartier-modele-en-matiere-denergie-durable\\\/\",\"name\":\"Central Malley: Ein Vorbildviertel in Sachen nachhaltige Energie - Central Malley\",\"isPartOf\":{\"@id\":\"https:\\\/\\\/central-malley.ch\\\/de\\\/#website\"},\"primaryImageOfPage\":{\"@id\":\"https:\\\/\\\/central-malley.ch\\\/de\\\/central-malley-un-quartier-modele-en-matiere-denergie-durable\\\/#primaryimage\"},\"image\":{\"@id\":\"https:\\\/\\\/central-malley.ch\\\/de\\\/central-malley-un-quartier-modele-en-matiere-denergie-durable\\\/#primaryimage\"},\"thumbnailUrl\":\"https:\\/\\/central-malley.ch\\/wp-content\\/uploads\\/sites\\/28\\/2025\\/05\\/Bild-Central-Malley-Video-Energie_komp_v3-scaled.jpg\",\"datePublished\":\"2025-05-28T06:50:53+00:00\",\"dateModified\":\"2025-05-28T08:36:33+00:00\",\"breadcrumb\":{\"@id\":\"https:\\\/\\\/central-malley.ch\\\/de\\\/central-malley-un-quartier-modele-en-matiere-denergie-durable\\\/#breadcrumb\"},\"inLanguage\":\"de\",\"potentialAction\":[{\"@type\":\"ReadAction\",\"target\":[\"https:\\\/\\\/central-malley.ch\\\/de\\\/central-malley-un-quartier-modele-en-matiere-denergie-durable\\\/\"]}]},{\"@type\":\"ImageObject\",\"inLanguage\":\"de\",\"@id\":\"https:\\\/\\\/central-malley.ch\\\/de\\\/central-malley-un-quartier-modele-en-matiere-denergie-durable\\\/#primaryimage\",\"url\":\"https:\\/\\/central-malley.ch\\/wp-content\\/uploads\\/sites\\/28\\/2025\\/05\\/Bild-Central-Malley-Video-Energie_komp_v3-scaled.jpg\",\"contentUrl\":\"https:\\/\\/central-malley.ch\\/wp-content\\/uploads\\/sites\\/28\\/2025\\/05\\/Bild-Central-Malley-Video-Energie_komp_v3-scaled.jpg\",\"width\":2560,\"height\":1443},{\"@type\":\"BreadcrumbList\",\"@id\":\"https:\\\/\\\/central-malley.ch\\\/de\\\/central-malley-un-quartier-modele-en-matiere-denergie-durable\\\/#breadcrumb\",\"itemListElement\":[{\"@type\":\"ListItem\",\"position\":1,\"name\":\"Startseite\",\"item\":\"https:\\\/\\\/central-malley.ch\\\/de\\\/\"},{\"@type\":\"ListItem\",\"position\":2,\"name\":\"Central Malley: Ein Vorbildviertel in Sachen nachhaltige Energie\"}]},{\"@type\":\"WebSite\",\"@id\":\"https:\\\/\\\/central-malley.ch\\\/de\\\/#website\",\"url\":\"https:\\\/\\\/central-malley.ch\\\/de\\\/\",\"name\":\"Central Malley\",\"description\":\"\",\"publisher\":{\"@id\":\"https:\\\/\\\/central-malley.ch\\\/de\\\/#organization\"},\"potentialAction\":[{\"@type\":\"SearchAction\",\"target\":{\"@type\":\"EntryPoint\",\"urlTemplate\":\"https:\\\/\\\/central-malley.ch\\\/de\\\/?s={search_term_string}\"},\"query-input\":{\"@type\":\"PropertyValueSpecification\",\"valueRequired\":true,\"valueName\":\"search_term_string\"}}],\"inLanguage\":\"de\"},{\"@type\":\"Organization\",\"@id\":\"https:\\\/\\\/central-malley.ch\\\/de\\\/#organization\",\"name\":\"Central Malley\",\"url\":\"https:\\\/\\\/central-malley.ch\\\/de\\\/\",\"logo\":{\"@type\":\"ImageObject\",\"inLanguage\":\"de\",\"@id\":\"https:\\\/\\\/central-malley.ch\\\/de\\\/#\\\/schema\\\/logo\\\/image\\\/\",\"url\":\"https:\\/\\/central-malley.ch\\/wp-content\\/uploads\\/sites\\/28\\/2021\\/09\\/logo-central.svg\",\"contentUrl\":\"https:\\/\\/central-malley.ch\\/wp-content\\/uploads\\/sites\\/28\\/2021\\/09\\/logo-central.svg\",\"width\":229,\"height\":68,\"caption\":\"Central Malley\"},\"image\":{\"@id\":\"https:\\\/\\\/central-malley.ch\\\/de\\\/#\\\/schema\\\/logo\\\/image\\\/\"}},{\"@type\":\"Person\",\"@id\":\"https:\\\/\\\/central-malley.ch\\\/de\\\/#\\\/schema\\\/person\\\/baf73f65ab99befefae6061650dc272e\",\"name\":\"andreahuskic\"}]}<\/script>\n<!-- \/ Yoast SEO plugin. -->","yoast_head_json":{"title":"Central Malley: Ein Vorbildviertel in Sachen nachhaltige Energie - Central Malley","robots":{"index":"index","follow":"follow","max-snippet":"max-snippet:-1","max-image-preview":"max-image-preview:large","max-video-preview":"max-video-preview:-1"},"canonical":"https:\/\/central-malley.ch\/de\/central-malley-un-quartier-modele-en-matiere-denergie-durable\/","og_locale":"de_DE","og_type":"article","og_title":"Central Malley: Ein Vorbildviertel in Sachen nachhaltige Energie - Central Malley","og_description":"Central Malley, entworfen, um den aktuellen energetischen Herausforderungen zu begegnen, verk\u00f6rpert eine neue Generation nachhaltiger Stadtviertel. Dieses von SBB Immobilien entwickelte Grossprojekt, vereint energieeffizient Wohnungen, B\u00fcros, Gesch\u00e4fte und \u00f6ffentliche R\u00e4umlichkeiten.","og_url":"https:\/\/central-malley.ch\/de\/central-malley-un-quartier-modele-en-matiere-denergie-durable\/","og_site_name":"Central Malley","article_published_time":"2025-05-28T06:50:53+00:00","article_modified_time":"2025-05-28T08:36:33+00:00","og_image":[{"width":2560,"height":1443,"url":"https:\/\/cdn.freebrand.ch\/w:auto\/h:auto\/q:mauto\/f:best\/https:\/\/central-malley.ch\/wp-content\/uploads\/sites\/28\/2025\/05\/Bild-Central-Malley-Video-Energie_komp_v3-scaled.jpg","type":"image\/jpeg"}],"author":"andreahuskic","twitter_card":"summary_large_image","twitter_misc":{"Verfasst von":"andreahuskic"},"schema":{"@context":"https:\/\/schema.org","@graph":[{"@type":"Article","@id":"https:\/\/central-malley.ch\/de\/central-malley-un-quartier-modele-en-matiere-denergie-durable\/#article","isPartOf":{"@id":"https:\/\/central-malley.ch\/de\/central-malley-un-quartier-modele-en-matiere-denergie-durable\/"},"author":{"name":"andreahuskic","@id":"https:\/\/central-malley.ch\/de\/#\/schema\/person\/baf73f65ab99befefae6061650dc272e"},"headline":"Central Malley: Ein Vorbildviertel in Sachen nachhaltige Energie","datePublished":"2025-05-28T06:50:53+00:00","dateModified":"2025-05-28T08:36:33+00:00","mainEntityOfPage":{"@id":"https:\/\/central-malley.ch\/de\/central-malley-un-quartier-modele-en-matiere-denergie-durable\/"},"wordCount":8,"publisher":{"@id":"https:\/\/central-malley.ch\/de\/#organization"},"image":{"@id":"https:\/\/central-malley.ch\/de\/central-malley-un-quartier-modele-en-matiere-denergie-durable\/#primaryimage"},"thumbnailUrl":"https:\/\/cdn.freebrand.ch\/w:auto\/h:auto\/q:mauto\/f:best\/https:\/\/central-malley.ch\/wp-content\/uploads\/sites\/28\/2025\/05\/Bild-Central-Malley-Video-Energie_komp_v3-scaled.jpg","articleSection":["News"],"inLanguage":"de"},{"@type":"WebPage","@id":"https:\/\/central-malley.ch\/de\/central-malley-un-quartier-modele-en-matiere-denergie-durable\/","url":"https:\/\/central-malley.ch\/de\/central-malley-un-quartier-modele-en-matiere-denergie-durable\/","name":"Central Malley: Ein Vorbildviertel in Sachen nachhaltige Energie - Central Malley","isPartOf":{"@id":"https:\/\/central-malley.ch\/de\/#website"},"primaryImageOfPage":{"@id":"https:\/\/central-malley.ch\/de\/central-malley-un-quartier-modele-en-matiere-denergie-durable\/#primaryimage"},"image":{"@id":"https:\/\/central-malley.ch\/de\/central-malley-un-quartier-modele-en-matiere-denergie-durable\/#primaryimage"},"thumbnailUrl":"https:\/\/cdn.freebrand.ch\/w:auto\/h:auto\/q:mauto\/f:best\/https:\/\/central-malley.ch\/wp-content\/uploads\/sites\/28\/2025\/05\/Bild-Central-Malley-Video-Energie_komp_v3-scaled.jpg","datePublished":"2025-05-28T06:50:53+00:00","dateModified":"2025-05-28T08:36:33+00:00","breadcrumb":{"@id":"https:\/\/central-malley.ch\/de\/central-malley-un-quartier-modele-en-matiere-denergie-durable\/#breadcrumb"},"inLanguage":"de","potentialAction":[{"@type":"ReadAction","target":["https:\/\/central-malley.ch\/de\/central-malley-un-quartier-modele-en-matiere-denergie-durable\/"]}]},{"@type":"ImageObject","inLanguage":"de","@id":"https:\/\/central-malley.ch\/de\/central-malley-un-quartier-modele-en-matiere-denergie-durable\/#primaryimage","url":"https:\/\/cdn.freebrand.ch\/w:auto\/h:auto\/q:mauto\/f:best\/https:\/\/central-malley.ch\/wp-content\/uploads\/sites\/28\/2025\/05\/Bild-Central-Malley-Video-Energie_komp_v3-scaled.jpg","contentUrl":"https:\/\/cdn.freebrand.ch\/w:auto\/h:auto\/q:mauto\/f:best\/https:\/\/central-malley.ch\/wp-content\/uploads\/sites\/28\/2025\/05\/Bild-Central-Malley-Video-Energie_komp_v3-scaled.jpg","width":2560,"height":1443},{"@type":"BreadcrumbList","@id":"https:\/\/central-malley.ch\/de\/central-malley-un-quartier-modele-en-matiere-denergie-durable\/#breadcrumb","itemListElement":[{"@type":"ListItem","position":1,"name":"Startseite","item":"https:\/\/central-malley.ch\/de\/"},{"@type":"ListItem","position":2,"name":"Central Malley: Ein Vorbildviertel in Sachen nachhaltige Energie"}]},{"@type":"WebSite","@id":"https:\/\/central-malley.ch\/de\/#website","url":"https:\/\/central-malley.ch\/de\/","name":"Central Malley","description":"","publisher":{"@id":"https:\/\/central-malley.ch\/de\/#organization"},"potentialAction":[{"@type":"SearchAction","target":{"@type":"EntryPoint","urlTemplate":"https:\/\/central-malley.ch\/de\/?s={search_term_string}"},"query-input":{"@type":"PropertyValueSpecification","valueRequired":true,"valueName":"search_term_string"}}],"inLanguage":"de"},{"@type":"Organization","@id":"https:\/\/central-malley.ch\/de\/#organization","name":"Central Malley","url":"https:\/\/central-malley.ch\/de\/","logo":{"@type":"ImageObject","inLanguage":"de","@id":"https:\/\/central-malley.ch\/de\/#\/schema\/logo\/image\/","url":"https:\/\/central-malley.ch\/wp-content\/uploads\/sites\/28\/2021\/09\/logo-central.svg","contentUrl":"https:\/\/central-malley.ch\/wp-content\/uploads\/sites\/28\/2021\/09\/logo-central.svg","width":229,"height":68,"caption":"Central Malley"},"image":{"@id":"https:\/\/central-malley.ch\/de\/#\/schema\/logo\/image\/"}},{"@type":"Person","@id":"https:\/\/central-malley.ch\/de\/#\/schema\/person\/baf73f65ab99befefae6061650dc272e","name":"andreahuskic"}]}},"_links":{"self":[{"href":"https:\/\/central-malley.ch\/de\/wp-json\/wp\/v2\/posts\/3260","targetHints":{"allow":["GET"]}}],"collection":[{"href":"https:\/\/central-malley.ch\/de\/wp-json\/wp\/v2\/posts"}],"about":[{"href":"https:\/\/central-malley.ch\/de\/wp-json\/wp\/v2\/types\/post"}],"author":[{"embeddable":true,"href":"https:\/\/central-malley.ch\/de\/wp-json\/wp\/v2\/users\/13"}],"replies":[{"embeddable":true,"href":"https:\/\/central-malley.ch\/de\/wp-json\/wp\/v2\/comments?post=3260"}],"version-history":[{"count":0,"href":"https:\/\/central-malley.ch\/de\/wp-json\/wp\/v2\/posts\/3260\/revisions"}],"wp:featuredmedia":[{"embeddable":true,"href":"https:\/\/central-malley.ch\/de\/wp-json\/wp\/v2\/media\/3265"}],"wp:attachment":[{"href":"https:\/\/central-malley.ch\/de\/wp-json\/wp\/v2\/media?parent=3260"}],"wp:term":[{"taxonomy":"category","embeddable":true,"href":"https:\/\/central-malley.ch\/de\/wp-json\/wp\/v2\/categories?post=3260"},{"taxonomy":"post_tag","embeddable":true,"href":"https:\/\/central-malley.ch\/de\/wp-json\/wp\/v2\/tags?post=3260"}],"curies":[{"name":"wp","href":"https:\/\/api.w.org\/{rel}","templated":true}]}}