{"id":3402,"date":"2025-10-15T13:29:26","date_gmt":"2025-10-15T11:29:26","guid":{"rendered":"https:\/\/central-malley.ch\/?p=3402"},"modified":"2025-10-15T13:29:26","modified_gmt":"2025-10-15T11:29:26","slug":"central-malley-wird-weiter-lebendig","status":"publish","type":"post","link":"https:\/\/central-malley.ch\/de\/central-malley-wird-weiter-lebendig\/","title":{"rendered":"Central Malley wird weiter lebendig."},"content":{"rendered":"<p>Seit dem 1. Oktober sind die neuen privaten Mieter des Geb\u00e4udes A1 in Renens eingezogen. Sie schliessen sich den bereits wohnhaften Bewohnerinnen und Bewohnern sowie den ersten auf dem Areal ans\u00e4ssigen Unternehmen an. Auch wenn die Umgebung noch f\u00fcr einige Wochen im Bauzustand ist, tr\u00e4gt dieser Zuzug dazu bei, das Quartier zu beleben und ihm eine Identit\u00e4t zu geben. Wir heissen sie willkommen und hoffen, dass sie sich schnell zu Hause f\u00fchlen. Central Malley entwickelt sich t\u00e4glich weiter, und diese neuen Bez\u00fcge sind weitere Schritte hin zu einem lebendigen, modernen, vernetzten und zukunftsgerichteten Quartier.<\/p>\n","protected":false},"excerpt":{"rendered":"<p>Seit dem 1. Oktober sind die neuen privaten Mieter des Geb\u00e4udes A1 in Renens eingezogen. Sie schliessen sich den bereits wohnhaften Bewohnerinnen und Bewohnern sowie den ersten auf dem Areal ans\u00e4ssigen Unternehmen an. Auch wenn die Umgebung noch f\u00fcr einige Wochen im Bauzustand ist, tr\u00e4gt dieser Zuzug dazu bei, das Quartier zu beleben und ihm [&hellip;]<\/p>\n","protected":false},"author":4,"featured_media":3181,"comment_status":"closed","ping_status":"closed","sticky":false,"template":"","format":"standard","meta":{"_acf_changed":false,"inline_featured_image":false,"footnotes":""},"categories":[37],"tags":[],"class_list":["post-3402","post","type-post","status-publish","format-standard","has-post-thumbnail","hentry","category-news-de"],"acf":[],"yoast_head":"<!-- This site is optimized with the Yoast SEO plugin v27.5 - https:\/\/yoast.com\/product\/yoast-seo-wordpress\/ -->\n<title>Central Malley wird weiter lebendig. - Central Malley<\/title>\n<meta name=\"robots\" content=\"index, follow, max-snippet:-1, max-image-preview:large, max-video-preview:-1\" \/>\n<link rel=\"canonical\" href=\"https:\/\/central-malley.ch\/de\/central-malley-wird-weiter-lebendig\/\" \/>\n<meta property=\"og:locale\" content=\"de_DE\" \/>\n<meta property=\"og:type\" content=\"article\" \/>\n<meta property=\"og:title\" content=\"Central Malley wird weiter lebendig. - Central Malley\" \/>\n<meta property=\"og:description\" content=\"Seit dem 1. Oktober sind die neuen privaten Mieter des Geb\u00e4udes A1 in Renens eingezogen. Sie schliessen sich den bereits wohnhaften Bewohnerinnen und Bewohnern sowie den ersten auf dem Areal ans\u00e4ssigen Unternehmen an. Auch wenn die Umgebung noch f\u00fcr einige Wochen im Bauzustand ist, tr\u00e4gt dieser Zuzug dazu bei, das Quartier zu beleben und ihm [&hellip;]\" \/>\n<meta property=\"og:url\" content=\"https:\/\/central-malley.ch\/de\/central-malley-wird-weiter-lebendig\/\" \/>\n<meta property=\"og:site_name\" content=\"Central Malley\" \/>\n<meta property=\"article:published_time\" content=\"2025-10-15T11:29:26+00:00\" \/>\n<meta property=\"og:image\" content=\"https:\/\/cdn.freebrand.ch\/w:auto\/h:auto\/q:mauto\/f:best\/https:\/\/central-malley.ch\/wp-content\/uploads\/sites\/28\/2025\/04\/AIRE_A_F2_5568-Final_komp-scaled.jpg\" \/>\n\t<meta property=\"og:image:width\" content=\"2560\" \/>\n\t<meta property=\"og:image:height\" content=\"1707\" \/>\n\t<meta property=\"og:image:type\" content=\"image\/jpeg\" \/>\n<meta name=\"author\" content=\"dominikmosimann\" \/>\n<meta name=\"twitter:card\" content=\"summary_large_image\" \/>\n<meta name=\"twitter:label1\" content=\"Verfasst von\" \/>\n\t<meta name=\"twitter:data1\" content=\"dominikmosimann\" \/>\n\t<meta name=\"twitter:label2\" content=\"Gesch\u00e4tzte Lesezeit\" \/>\n\t<meta name=\"twitter:data2\" content=\"1\u00a0Minute\" \/>\n<script type=\"application\/ld+json\" class=\"yoast-schema-graph\">{\"@context\":\"https:\\\/\\\/schema.org\",\"@graph\":[{\"@type\":\"Article\",\"@id\":\"https:\\\/\\\/central-malley.ch\\\/de\\\/central-malley-wird-weiter-lebendig\\\/#article\",\"isPartOf\":{\"@id\":\"https:\\\/\\\/central-malley.ch\\\/de\\\/central-malley-wird-weiter-lebendig\\\/\"},\"author\":{\"name\":\"dominikmosimann\",\"@id\":\"https:\\\/\\\/central-malley.ch\\\/de\\\/#\\\/schema\\\/person\\\/b30541bdb0f0ce2d6730a596ede36863\"},\"headline\":\"Central Malley wird weiter lebendig.\",\"datePublished\":\"2025-10-15T11:29:26+00:00\",\"mainEntityOfPage\":{\"@id\":\"https:\\\/\\\/central-malley.ch\\\/de\\\/central-malley-wird-weiter-lebendig\\\/\"},\"wordCount\":106,\"publisher\":{\"@id\":\"https:\\\/\\\/central-malley.ch\\\/de\\\/#organization\"},\"image\":{\"@id\":\"https:\\\/\\\/central-malley.ch\\\/de\\\/central-malley-wird-weiter-lebendig\\\/#primaryimage\"},\"thumbnailUrl\":\"https:\\/\\/central-malley.ch\\/wp-content\\/uploads\\/sites\\/28\\/2025\\/04\\/AIRE_A_F2_5568-Final_komp-scaled.jpg\",\"articleSection\":[\"News\"],\"inLanguage\":\"de\"},{\"@type\":\"WebPage\",\"@id\":\"https:\\\/\\\/central-malley.ch\\\/de\\\/central-malley-wird-weiter-lebendig\\\/\",\"url\":\"https:\\\/\\\/central-malley.ch\\\/de\\\/central-malley-wird-weiter-lebendig\\\/\",\"name\":\"Central Malley wird weiter lebendig. - Central Malley\",\"isPartOf\":{\"@id\":\"https:\\\/\\\/central-malley.ch\\\/de\\\/#website\"},\"primaryImageOfPage\":{\"@id\":\"https:\\\/\\\/central-malley.ch\\\/de\\\/central-malley-wird-weiter-lebendig\\\/#primaryimage\"},\"image\":{\"@id\":\"https:\\\/\\\/central-malley.ch\\\/de\\\/central-malley-wird-weiter-lebendig\\\/#primaryimage\"},\"thumbnailUrl\":\"https:\\/\\/central-malley.ch\\/wp-content\\/uploads\\/sites\\/28\\/2025\\/04\\/AIRE_A_F2_5568-Final_komp-scaled.jpg\",\"datePublished\":\"2025-10-15T11:29:26+00:00\",\"breadcrumb\":{\"@id\":\"https:\\\/\\\/central-malley.ch\\\/de\\\/central-malley-wird-weiter-lebendig\\\/#breadcrumb\"},\"inLanguage\":\"de\",\"potentialAction\":[{\"@type\":\"ReadAction\",\"target\":[\"https:\\\/\\\/central-malley.ch\\\/de\\\/central-malley-wird-weiter-lebendig\\\/\"]}]},{\"@type\":\"ImageObject\",\"inLanguage\":\"de\",\"@id\":\"https:\\\/\\\/central-malley.ch\\\/de\\\/central-malley-wird-weiter-lebendig\\\/#primaryimage\",\"url\":\"https:\\/\\/central-malley.ch\\/wp-content\\/uploads\\/sites\\/28\\/2025\\/04\\/AIRE_A_F2_5568-Final_komp-scaled.jpg\",\"contentUrl\":\"https:\\/\\/central-malley.ch\\/wp-content\\/uploads\\/sites\\/28\\/2025\\/04\\/AIRE_A_F2_5568-Final_komp-scaled.jpg\",\"width\":2560,\"height\":1707,\"caption\":\"Central Malley CFF, appartement, ce lundi 10 mars 2025 a Malley. (SBB\\\/KEYSTONE\\\/Valentin Flauraud)\"},{\"@type\":\"BreadcrumbList\",\"@id\":\"https:\\\/\\\/central-malley.ch\\\/de\\\/central-malley-wird-weiter-lebendig\\\/#breadcrumb\",\"itemListElement\":[{\"@type\":\"ListItem\",\"position\":1,\"name\":\"Startseite\",\"item\":\"https:\\\/\\\/central-malley.ch\\\/de\\\/\"},{\"@type\":\"ListItem\",\"position\":2,\"name\":\"Central Malley wird weiter lebendig.\"}]},{\"@type\":\"WebSite\",\"@id\":\"https:\\\/\\\/central-malley.ch\\\/de\\\/#website\",\"url\":\"https:\\\/\\\/central-malley.ch\\\/de\\\/\",\"name\":\"Central Malley\",\"description\":\"\",\"publisher\":{\"@id\":\"https:\\\/\\\/central-malley.ch\\\/de\\\/#organization\"},\"potentialAction\":[{\"@type\":\"SearchAction\",\"target\":{\"@type\":\"EntryPoint\",\"urlTemplate\":\"https:\\\/\\\/central-malley.ch\\\/de\\\/?s={search_term_string}\"},\"query-input\":{\"@type\":\"PropertyValueSpecification\",\"valueRequired\":true,\"valueName\":\"search_term_string\"}}],\"inLanguage\":\"de\"},{\"@type\":\"Organization\",\"@id\":\"https:\\\/\\\/central-malley.ch\\\/de\\\/#organization\",\"name\":\"Central Malley\",\"url\":\"https:\\\/\\\/central-malley.ch\\\/de\\\/\",\"logo\":{\"@type\":\"ImageObject\",\"inLanguage\":\"de\",\"@id\":\"https:\\\/\\\/central-malley.ch\\\/de\\\/#\\\/schema\\\/logo\\\/image\\\/\",\"url\":\"https:\\/\\/central-malley.ch\\/wp-content\\/uploads\\/sites\\/28\\/2021\\/09\\/logo-central.svg\",\"contentUrl\":\"https:\\/\\/central-malley.ch\\/wp-content\\/uploads\\/sites\\/28\\/2021\\/09\\/logo-central.svg\",\"width\":229,\"height\":68,\"caption\":\"Central Malley\"},\"image\":{\"@id\":\"https:\\\/\\\/central-malley.ch\\\/de\\\/#\\\/schema\\\/logo\\\/image\\\/\"}},{\"@type\":\"Person\",\"@id\":\"https:\\\/\\\/central-malley.ch\\\/de\\\/#\\\/schema\\\/person\\\/b30541bdb0f0ce2d6730a596ede36863\",\"name\":\"dominikmosimann\"}]}<\/script>\n<!-- \/ Yoast SEO plugin. -->","yoast_head_json":{"title":"Central Malley wird weiter lebendig. - Central Malley","robots":{"index":"index","follow":"follow","max-snippet":"max-snippet:-1","max-image-preview":"max-image-preview:large","max-video-preview":"max-video-preview:-1"},"canonical":"https:\/\/central-malley.ch\/de\/central-malley-wird-weiter-lebendig\/","og_locale":"de_DE","og_type":"article","og_title":"Central Malley wird weiter lebendig. - Central Malley","og_description":"Seit dem 1. Oktober sind die neuen privaten Mieter des Geb\u00e4udes A1 in Renens eingezogen. Sie schliessen sich den bereits wohnhaften Bewohnerinnen und Bewohnern sowie den ersten auf dem Areal ans\u00e4ssigen Unternehmen an. Auch wenn die Umgebung noch f\u00fcr einige Wochen im Bauzustand ist, tr\u00e4gt dieser Zuzug dazu bei, das Quartier zu beleben und ihm [&hellip;]","og_url":"https:\/\/central-malley.ch\/de\/central-malley-wird-weiter-lebendig\/","og_site_name":"Central Malley","article_published_time":"2025-10-15T11:29:26+00:00","og_image":[{"width":2560,"height":1707,"url":"https:\/\/cdn.freebrand.ch\/w:auto\/h:auto\/q:mauto\/f:best\/https:\/\/central-malley.ch\/wp-content\/uploads\/sites\/28\/2025\/04\/AIRE_A_F2_5568-Final_komp-scaled.jpg","type":"image\/jpeg"}],"author":"dominikmosimann","twitter_card":"summary_large_image","twitter_misc":{"Verfasst von":"dominikmosimann","Gesch\u00e4tzte Lesezeit":"1\u00a0Minute"},"schema":{"@context":"https:\/\/schema.org","@graph":[{"@type":"Article","@id":"https:\/\/central-malley.ch\/de\/central-malley-wird-weiter-lebendig\/#article","isPartOf":{"@id":"https:\/\/central-malley.ch\/de\/central-malley-wird-weiter-lebendig\/"},"author":{"name":"dominikmosimann","@id":"https:\/\/central-malley.ch\/de\/#\/schema\/person\/b30541bdb0f0ce2d6730a596ede36863"},"headline":"Central Malley wird weiter lebendig.","datePublished":"2025-10-15T11:29:26+00:00","mainEntityOfPage":{"@id":"https:\/\/central-malley.ch\/de\/central-malley-wird-weiter-lebendig\/"},"wordCount":106,"publisher":{"@id":"https:\/\/central-malley.ch\/de\/#organization"},"image":{"@id":"https:\/\/central-malley.ch\/de\/central-malley-wird-weiter-lebendig\/#primaryimage"},"thumbnailUrl":"https:\/\/cdn.freebrand.ch\/w:auto\/h:auto\/q:mauto\/f:best\/https:\/\/central-malley.ch\/wp-content\/uploads\/sites\/28\/2025\/04\/AIRE_A_F2_5568-Final_komp-scaled.jpg","articleSection":["News"],"inLanguage":"de"},{"@type":"WebPage","@id":"https:\/\/central-malley.ch\/de\/central-malley-wird-weiter-lebendig\/","url":"https:\/\/central-malley.ch\/de\/central-malley-wird-weiter-lebendig\/","name":"Central Malley wird weiter lebendig. - Central Malley","isPartOf":{"@id":"https:\/\/central-malley.ch\/de\/#website"},"primaryImageOfPage":{"@id":"https:\/\/central-malley.ch\/de\/central-malley-wird-weiter-lebendig\/#primaryimage"},"image":{"@id":"https:\/\/central-malley.ch\/de\/central-malley-wird-weiter-lebendig\/#primaryimage"},"thumbnailUrl":"https:\/\/cdn.freebrand.ch\/w:auto\/h:auto\/q:mauto\/f:best\/https:\/\/central-malley.ch\/wp-content\/uploads\/sites\/28\/2025\/04\/AIRE_A_F2_5568-Final_komp-scaled.jpg","datePublished":"2025-10-15T11:29:26+00:00","breadcrumb":{"@id":"https:\/\/central-malley.ch\/de\/central-malley-wird-weiter-lebendig\/#breadcrumb"},"inLanguage":"de","potentialAction":[{"@type":"ReadAction","target":["https:\/\/central-malley.ch\/de\/central-malley-wird-weiter-lebendig\/"]}]},{"@type":"ImageObject","inLanguage":"de","@id":"https:\/\/central-malley.ch\/de\/central-malley-wird-weiter-lebendig\/#primaryimage","url":"https:\/\/cdn.freebrand.ch\/w:auto\/h:auto\/q:mauto\/f:best\/https:\/\/central-malley.ch\/wp-content\/uploads\/sites\/28\/2025\/04\/AIRE_A_F2_5568-Final_komp-scaled.jpg","contentUrl":"https:\/\/cdn.freebrand.ch\/w:auto\/h:auto\/q:mauto\/f:best\/https:\/\/central-malley.ch\/wp-content\/uploads\/sites\/28\/2025\/04\/AIRE_A_F2_5568-Final_komp-scaled.jpg","width":2560,"height":1707,"caption":"Central Malley CFF, appartement, ce lundi 10 mars 2025 a Malley. (SBB\/KEYSTONE\/Valentin Flauraud)"},{"@type":"BreadcrumbList","@id":"https:\/\/central-malley.ch\/de\/central-malley-wird-weiter-lebendig\/#breadcrumb","itemListElement":[{"@type":"ListItem","position":1,"name":"Startseite","item":"https:\/\/central-malley.ch\/de\/"},{"@type":"ListItem","position":2,"name":"Central Malley wird weiter lebendig."}]},{"@type":"WebSite","@id":"https:\/\/central-malley.ch\/de\/#website","url":"https:\/\/central-malley.ch\/de\/","name":"Central Malley","description":"","publisher":{"@id":"https:\/\/central-malley.ch\/de\/#organization"},"potentialAction":[{"@type":"SearchAction","target":{"@type":"EntryPoint","urlTemplate":"https:\/\/central-malley.ch\/de\/?s={search_term_string}"},"query-input":{"@type":"PropertyValueSpecification","valueRequired":true,"valueName":"search_term_string"}}],"inLanguage":"de"},{"@type":"Organization","@id":"https:\/\/central-malley.ch\/de\/#organization","name":"Central Malley","url":"https:\/\/central-malley.ch\/de\/","logo":{"@type":"ImageObject","inLanguage":"de","@id":"https:\/\/central-malley.ch\/de\/#\/schema\/logo\/image\/","url":"https:\/\/central-malley.ch\/wp-content\/uploads\/sites\/28\/2021\/09\/logo-central.svg","contentUrl":"https:\/\/central-malley.ch\/wp-content\/uploads\/sites\/28\/2021\/09\/logo-central.svg","width":229,"height":68,"caption":"Central Malley"},"image":{"@id":"https:\/\/central-malley.ch\/de\/#\/schema\/logo\/image\/"}},{"@type":"Person","@id":"https:\/\/central-malley.ch\/de\/#\/schema\/person\/b30541bdb0f0ce2d6730a596ede36863","name":"dominikmosimann"}]}},"_links":{"self":[{"href":"https:\/\/central-malley.ch\/de\/wp-json\/wp\/v2\/posts\/3402","targetHints":{"allow":["GET"]}}],"collection":[{"href":"https:\/\/central-malley.ch\/de\/wp-json\/wp\/v2\/posts"}],"about":[{"href":"https:\/\/central-malley.ch\/de\/wp-json\/wp\/v2\/types\/post"}],"author":[{"embeddable":true,"href":"https:\/\/central-malley.ch\/de\/wp-json\/wp\/v2\/users\/4"}],"replies":[{"embeddable":true,"href":"https:\/\/central-malley.ch\/de\/wp-json\/wp\/v2\/comments?post=3402"}],"version-history":[{"count":0,"href":"https:\/\/central-malley.ch\/de\/wp-json\/wp\/v2\/posts\/3402\/revisions"}],"wp:featuredmedia":[{"embeddable":true,"href":"https:\/\/central-malley.ch\/de\/wp-json\/wp\/v2\/media\/3181"}],"wp:attachment":[{"href":"https:\/\/central-malley.ch\/de\/wp-json\/wp\/v2\/media?parent=3402"}],"wp:term":[{"taxonomy":"category","embeddable":true,"href":"https:\/\/central-malley.ch\/de\/wp-json\/wp\/v2\/categories?post=3402"},{"taxonomy":"post_tag","embeddable":true,"href":"https:\/\/central-malley.ch\/de\/wp-json\/wp\/v2\/tags?post=3402"}],"curies":[{"name":"wp","href":"https:\/\/api.w.org\/{rel}","templated":true}]}}